{"id":1149,"date":"2017-05-02T21:02:15","date_gmt":"2017-05-02T19:02:15","guid":{"rendered":"http:\/\/fcmainburg.de\/cm\/?p=1149"},"modified":"2017-05-02T21:02:47","modified_gmt":"2017-05-02T19:02:47","slug":"b-junioren-fc-mainburg-jfg-befreiungshalle-kelheim-i-24","status":"publish","type":"post","link":"http:\/\/fcmainburg.de\/cm\/b-junioren-fc-mainburg-jfg-befreiungshalle-kelheim-i-24\/","title":{"rendered":"FC Mainburg \u2013 JFG Befreiungshalle Kelheim I  2:4"},"content":{"rendered":"<p>Eine etwas ungl\u00fcckliche 2:4 Niederlage mussten die Limmer\/Rank-Sch\u00fctzlinge am vergangenen Freitag gegen einen der Meisterschaftsfavoriten hinnehmen. Trotz der vielleicht besten Saisonleistung mit einer geschlossenen Mannschaftsleistung reichte es am Ende nicht zu einem durchaus m\u00f6glichen und auch verdienten Punktgewinn. Von Beginn an kamen die FC-ler gut in die Zweik\u00e4mpfe und damit auch ins Spiel. Die Dreierkette um den sehr stark spielenden Spielf\u00fchrer Kilian Stiglmaier stand sicher, die Mittelfeldspieler erf\u00fchlten nicht nur defensiv ihre Aufgabe voll, sondern leiteten auch vielversprechende Angriffe auf die sehr beweglichen St\u00fcrmer ein. So entwickelte sich auch die bis dahin gr\u00f6\u00dfte Chance des Spiels, als sich Mergim Seferi gekonnt durch setzte und zum gut postierten Andy Fiedler passte, doch seinen Schuss konnte der G\u00e4stetorh\u00fcter noch zur Ecke abwehren. Eine weitere gute Gelegenheit hatte dann noch Bajram Krjeziu, doch er schoss aussichtsreich weit \u00fcbers Tor. Als man langsam bereits mit einem gerechten Unentschieden zur Halbzeit rechnete, fiel dann doch noch das etwas \u00fcberraschende 0:1 f\u00fcr die Kelheimer. Nach einem tollen Trick lie\u00df ein G\u00e4stespieler zwei Mainburger Spieler ins Leere laufen. Seinen Schuss konnte FC-Torwart Dennis Yildirim zun\u00e4chst noch abwehren, doch den Nachschuss dr\u00fcckte ein JFG-ler auf der Torlinie ins Tor. Nach Wiederanpfiff des \u00a0gut leitenden Schiedsrichters Rasim Birinci waren zun\u00e4chst die Kelheimer die st\u00e4rkere Mannschaft und suchten eine Entscheidung im Spiel. Nach gut 10 Minuten in der 2. Spielh\u00e4lfte war es dann so weit, als ein scharfer Schuss von der Strafraumgrenze knapp neben dem Pfosten einschlug und nur wenig sp\u00e4ter ein Schuss aus gut 20 m erneut unhaltbar ins Kreuzeck zum 0:3 ging. Jetzt hatte man schon kurz die Bef\u00fcrchtung, noch mehr Gegentore zu kassieren. Doch nach einer tollen Einzelleistung von Ferdinand Rank, der drei Gegenspieler und auch noch den Torwart ausspielte und den 1:3 Anschlusstreffer markierte, ging nochmals ein Ruck durch die FC-ler. Einige Minuten sp\u00e4ter wurde Ferdinand Rank im Strafraum gelegt und er verwandelte selbst den f\u00e4lligen Elfmeter souver\u00e4n zum 2:3. Jetzt spielten beide Mannschaften mit offenem Visier. Mainburgs Torwart Dennis Yildirim kl\u00e4rte dreimal hervorragend und bewahrte daher seine Mannschaft vor einem h\u00f6heren R\u00fcckstand. Doch auch die FC-ler hatten ihrerseits drei sehr gute Chancen durch Simon Fu\u00dfeder, doch jedes Mal konnten die Kelheimer in letzter Sekunde gerade noch kl\u00e4ren. Auch Bajram Krjeziu kam noch zu einer guten Gelegenheit, doch er verzog aus einer guten Position. So brachte dann ein berechtigter Elfmeter f\u00fcr die JFG Befreiungshalle Kelheim, kurz vor Schluss, die endg\u00fcltige Entscheidung zum 4:2 Sieg.<\/p>\n","protected":false},"excerpt":{"rendered":"<p>Eine etwas ungl\u00fcckliche 2:4 Niederlage mussten die Limmer\/Rank-Sch\u00fctzlinge am vergangenen Freitag gegen einen der Meisterschaftsfavoriten hinnehmen. Trotz der vielleicht besten Saisonleistung mit einer geschlossenen Mannschaftsleistung reichte es am Ende nicht zu einem durchaus m\u00f6glichen und auch verdienten Punktgewinn. Von Beginn an kamen die FC-ler gut in die Zweik\u00e4mpfe und damit auch ins Spiel. Die Dreierkette [&hellip;]<\/p>\n","protected":false},"author":2,"featured_media":150,"comment_status":"closed","ping_status":"closed","sticky":false,"template":"","format":"standard","meta":{"_mi_skip_tracking":false,"footnotes":""},"categories":[21],"tags":[],"class_list":["post-1149","post","type-post","status-publish","format-standard","has-post-thumbnail","hentry","category-u17"],"_links":{"self":[{"href":"http:\/\/fcmainburg.de\/cm\/wp-json\/wp\/v2\/posts\/1149","targetHints":{"allow":["GET"]}}],"collection":[{"href":"http:\/\/fcmainburg.de\/cm\/wp-json\/wp\/v2\/posts"}],"about":[{"href":"http:\/\/fcmainburg.de\/cm\/wp-json\/wp\/v2\/types\/post"}],"author":[{"embeddable":true,"href":"http:\/\/fcmainburg.de\/cm\/wp-json\/wp\/v2\/users\/2"}],"replies":[{"embeddable":true,"href":"http:\/\/fcmainburg.de\/cm\/wp-json\/wp\/v2\/comments?post=1149"}],"version-history":[{"count":2,"href":"http:\/\/fcmainburg.de\/cm\/wp-json\/wp\/v2\/posts\/1149\/revisions"}],"predecessor-version":[{"id":1151,"href":"http:\/\/fcmainburg.de\/cm\/wp-json\/wp\/v2\/posts\/1149\/revisions\/1151"}],"wp:featuredmedia":[{"embeddable":true,"href":"http:\/\/fcmainburg.de\/cm\/wp-json\/wp\/v2\/media\/150"}],"wp:attachment":[{"href":"http:\/\/fcmainburg.de\/cm\/wp-json\/wp\/v2\/media?parent=1149"}],"wp:term":[{"taxonomy":"category","embeddable":true,"href":"http:\/\/fcmainburg.de\/cm\/wp-json\/wp\/v2\/categories?post=1149"},{"taxonomy":"post_tag","embeddable":true,"href":"http:\/\/fcmainburg.de\/cm\/wp-json\/wp\/v2\/tags?post=1149"}],"curies":[{"name":"wp","href":"https:\/\/api.w.org\/{rel}","templated":true}]}}