{"id":1161,"date":"2017-05-08T20:35:44","date_gmt":"2017-05-08T18:35:44","guid":{"rendered":"http:\/\/fcmainburg.de\/cm\/?p=1161"},"modified":"2017-05-08T20:36:07","modified_gmt":"2017-05-08T18:36:07","slug":"b-junioren-fc-mainburg-sg-tsv-abensberg-12","status":"publish","type":"post","link":"http:\/\/fcmainburg.de\/cm\/b-junioren-fc-mainburg-sg-tsv-abensberg-12\/","title":{"rendered":"FC Mainburg \u2013 SG TSV Abensberg 1:2"},"content":{"rendered":"<p>Eine v\u00f6llig unn\u00f6tige 1:2 Niederlage kassierten die B-Junioren des FC Mainburg am vergangenen Freitag gegen den Tabellenhintermann, \u00a0die Spielgemeinschaft TSV Abensberg. Obwohl die Limmer\/Rank-Sch\u00fctzlinge von Beginn an das Spiel bestimmten, lie\u00df man doch die volle Konzentration und Genauigkeit im Spiel nach vorne vermissen. Nach vielversprechenden und guten Kombinationen wurde dann der letzte Pass ungenau gespielt. Im Defensivbereich hatten die FC-ler den G\u00e4steangriff zun\u00e4chst gut im Griff. Es war eine Viertelstunde gespielt, als es zur ersten richtigen Torchance kam, die aber dann auch gleich eine ganz klare war. Nach einer schnellen und guten Kombination, ausgehend von der Abwehr, kam der Ball zu Mergim Seferi der sofort sauber auf den freistehenden Andy Fiedler spielte, doch dieser zielte aus ca. 12 m zu genau und traf nur den Pfosten. Nur wenig sp\u00e4ter war es dann aber so weit, als der Ball bei einem Befreiungsschlag eines G\u00e4stespielers von einem FCM-Spieler abprallte und bei Mergim Seferi landete. Dieser lie\u00df sich die Chance dann nicht entgehen und verwandelte sicher zur verdienten 1:0 F\u00fchrung. Jetzt verflachte das Spiel wieder und es deutete viel auf dieses knappe Ergebnis zur Halbzeit hin. Kurz vor dem Pausenpfiff f\u00fchrte eine v\u00f6llig unn\u00f6tige Attacke kurz vor der Strafraumgrenze zum \u00fcberraschenden 1:1 Ausgleich f\u00fcr die G\u00e4ste. Der Freisto\u00df ging zwar in Richtung FC-Geh\u00e4use, wobei er eigentlich keine gro\u00dfe Gefahr darstellte. Doch zum Entsetzen der Zuschauer und FC-ler landete der Ball, nach einer Unkonzentriertheit im Tor. Zur 2. Spielh\u00e4lfte wurden die Abensberger dann st\u00e4rker, w\u00e4hrend die Mainburger, trotz guter Vors\u00e4tze, nicht mehr richtig ins Spiel kamen. Vor allem \u00fcber ihre linke Angriffsseite trugen die G\u00e4ste immer wieder gef\u00e4hrliche Angriffe vor und kamen zu vier hochkar\u00e4tigen Torchancen. Entweder ihre Angreifer schossen knapp am Tor vorbei oder Torwart Dennis Yildirim bewahrte seine Mannschaft vor einem R\u00fcckstand. Aber auch die FC-ler hatten noch eine sehr gute Chance, doch der Kopfball von Simon Fu\u00dfeder ging nach einer Ecke ganz knapp neben das Tor. Auf Seiten der Gastgeber w\u00e4re man jetzt mit einem Unentschieden zufrieden gewesen, aber 5 Minuten vor Schluss erzielte der auff\u00e4lligste St\u00fcrmer der Abensberger mit einem vehementen Schuss genau ins Tordreieck das 1:2 f\u00fcr die G\u00e4ste zum durchaus verdienten Sieg.<\/p>\n","protected":false},"excerpt":{"rendered":"<p>Eine v\u00f6llig unn\u00f6tige 1:2 Niederlage kassierten die B-Junioren des FC Mainburg am vergangenen Freitag gegen den Tabellenhintermann, \u00a0die Spielgemeinschaft TSV Abensberg. Obwohl die Limmer\/Rank-Sch\u00fctzlinge von Beginn an das Spiel bestimmten, lie\u00df man doch die volle Konzentration und Genauigkeit im Spiel nach vorne vermissen. Nach vielversprechenden und guten Kombinationen wurde dann der letzte Pass ungenau gespielt. [&hellip;]<\/p>\n","protected":false},"author":2,"featured_media":150,"comment_status":"closed","ping_status":"closed","sticky":false,"template":"","format":"standard","meta":{"_mi_skip_tracking":false,"footnotes":""},"categories":[21],"tags":[],"class_list":["post-1161","post","type-post","status-publish","format-standard","has-post-thumbnail","hentry","category-u17"],"_links":{"self":[{"href":"http:\/\/fcmainburg.de\/cm\/wp-json\/wp\/v2\/posts\/1161","targetHints":{"allow":["GET"]}}],"collection":[{"href":"http:\/\/fcmainburg.de\/cm\/wp-json\/wp\/v2\/posts"}],"about":[{"href":"http:\/\/fcmainburg.de\/cm\/wp-json\/wp\/v2\/types\/post"}],"author":[{"embeddable":true,"href":"http:\/\/fcmainburg.de\/cm\/wp-json\/wp\/v2\/users\/2"}],"replies":[{"embeddable":true,"href":"http:\/\/fcmainburg.de\/cm\/wp-json\/wp\/v2\/comments?post=1161"}],"version-history":[{"count":2,"href":"http:\/\/fcmainburg.de\/cm\/wp-json\/wp\/v2\/posts\/1161\/revisions"}],"predecessor-version":[{"id":1163,"href":"http:\/\/fcmainburg.de\/cm\/wp-json\/wp\/v2\/posts\/1161\/revisions\/1163"}],"wp:featuredmedia":[{"embeddable":true,"href":"http:\/\/fcmainburg.de\/cm\/wp-json\/wp\/v2\/media\/150"}],"wp:attachment":[{"href":"http:\/\/fcmainburg.de\/cm\/wp-json\/wp\/v2\/media?parent=1161"}],"wp:term":[{"taxonomy":"category","embeddable":true,"href":"http:\/\/fcmainburg.de\/cm\/wp-json\/wp\/v2\/categories?post=1161"},{"taxonomy":"post_tag","embeddable":true,"href":"http:\/\/fcmainburg.de\/cm\/wp-json\/wp\/v2\/tags?post=1161"}],"curies":[{"name":"wp","href":"https:\/\/api.w.org\/{rel}","templated":true}]}}